{"id":816,"date":"2022-05-11T12:12:20","date_gmt":"2022-05-11T12:12:20","guid":{"rendered":"https:\/\/gemischterchorstaffeleggtal.ch\/?p=816"},"modified":"2022-05-11T12:12:22","modified_gmt":"2022-05-11T12:12:22","slug":"nach-dem-konzert","status":"publish","type":"post","link":"https:\/\/gemischterchorstaffeleggtal.ch\/?p=816","title":{"rendered":"Nach dem Konzert &#8230;"},"content":{"rendered":"\n<p>&#8230; ist vor dem Konzert &#8230;<\/p>\n\n\n\n<p>Aktuell bereiten wir uns auf das OpenAir 2022 in Frick vor, das am Samstag, 25. Juni 2022 auf dem Gel\u00e4nde der Schulanlage Ebnet stattfinden wird. <\/p>\n\n\n\n<p>Ab 16 Uhr werden verschiedene Ch\u00f6re aus dem Fricktalischen S\u00e4ngerbund zu h\u00f6ren sein. <\/p>\n\n\n\n<p>Wir werden uns mit einer bunten Mischung aus Chorliedern pr\u00e4sentieren und freuen uns auch riesig auf&#8217;s gemeinsame Singen mit Allen!<\/p>\n","protected":false},"excerpt":{"rendered":"<p>&#8230; ist vor dem Konzert &#8230; Aktuell bereiten wir uns auf das OpenAir 2022 in Frick vor, das am Samstag, 25. Juni 2022 auf dem Gel\u00e4nde der Schulanlage Ebnet stattfinden [&hellip;]<\/p>\n","protected":false},"author":1,"featured_media":0,"comment_status":"open","ping_status":"open","sticky":false,"template":"","format":"standard","meta":{"_jetpack_memberships_contains_paid_content":false,"footnotes":""},"categories":[1],"tags":[],"class_list":["post-816","post","type-post","status-publish","format-standard","hentry","category-uncategorized"],"jetpack_featured_media_url":"","jetpack_sharing_enabled":true,"_links":{"self":[{"href":"https:\/\/gemischterchorstaffeleggtal.ch\/index.php?rest_route=\/wp\/v2\/posts\/816","targetHints":{"allow":["GET"]}}],"collection":[{"href":"https:\/\/gemischterchorstaffeleggtal.ch\/index.php?rest_route=\/wp\/v2\/posts"}],"about":[{"href":"https:\/\/gemischterchorstaffeleggtal.ch\/index.php?rest_route=\/wp\/v2\/types\/post"}],"author":[{"embeddable":true,"href":"https:\/\/gemischterchorstaffeleggtal.ch\/index.php?rest_route=\/wp\/v2\/users\/1"}],"replies":[{"embeddable":true,"href":"https:\/\/gemischterchorstaffeleggtal.ch\/index.php?rest_route=%2Fwp%2Fv2%2Fcomments&post=816"}],"version-history":[{"count":1,"href":"https:\/\/gemischterchorstaffeleggtal.ch\/index.php?rest_route=\/wp\/v2\/posts\/816\/revisions"}],"predecessor-version":[{"id":817,"href":"https:\/\/gemischterchorstaffeleggtal.ch\/index.php?rest_route=\/wp\/v2\/posts\/816\/revisions\/817"}],"wp:attachment":[{"href":"https:\/\/gemischterchorstaffeleggtal.ch\/index.php?rest_route=%2Fwp%2Fv2%2Fmedia&parent=816"}],"wp:term":[{"taxonomy":"category","embeddable":true,"href":"https:\/\/gemischterchorstaffeleggtal.ch\/index.php?rest_route=%2Fwp%2Fv2%2Fcategories&post=816"},{"taxonomy":"post_tag","embeddable":true,"href":"https:\/\/gemischterchorstaffeleggtal.ch\/index.php?rest_route=%2Fwp%2Fv2%2Ftags&post=816"}],"curies":[{"name":"wp","href":"https:\/\/api.w.org\/{rel}","templated":true}]}}